{"id":9545,"date":"2018-07-20T11:31:02","date_gmt":"2018-07-20T11:31:02","guid":{"rendered":"http:\/\/blog.equinux.com\/?p=9545"},"modified":"2018-07-20T11:31:02","modified_gmt":"2018-07-20T11:31:02","slug":"achtung-finger-weg-von-deinem-defekten-ladekabel-wegen-diesen-5-grunden","status":"publish","type":"post","link":"https:\/\/blog.equinux.com\/de\/2018\/07\/achtung-finger-weg-von-deinem-defekten-ladekabel-wegen-diesen-5-grunden\/","title":{"rendered":"Achtung! Finger weg von deinem defekten Ladekabel - aus diesen 5 Gr\u00fcnden"},"content":{"rendered":"<p>[vc_row type=\"in_container\" full_screen_row_position=\"middle\" scene_position=\"center\" text_color=\"dark\" text_align=\"left\" overlay_strength=\"0.3\"][vc_column column_padding=\"no-extra-padding\" column_padding_position=\"all\" background_color_opacity=\"1\" background_hover_color_opacity=\"1\" width=\"1\/1\" tablet_text_alignment=\"default\" phone_text_alignment=\"default\"][vc_column_text]Sobald du merkst, dass dein Ladekabel nicht mehr so richtig gut aussieht, solltest du dich so schnell wie m\u00f6glich um einen Ersatz k\u00fcmmern. Denn ein besch\u00e4digtes Ladekabel kann zu vielen Problemen f\u00fchren \u2013 bis hin zu schweren Verletzungen, die es dir, deiner Familie oder deinen Haustieren zuf\u00fcgen kann.<\/p>\n<p><img loading=\"lazy\" decoding=\"async\" class=\"aligncenter wp-image-9621 size-large\" src=\"http:\/\/blog.equinux.com\/wp-content\/uploads\/sites\/2\/2018\/07\/blog-kabelbruch-1024x424.jpg\" alt=\"\" width=\"1024\" height=\"424\" srcset=\"https:\/\/blog.equinux.com\/wp-content\/uploads\/sites\/2\/2018\/07\/blog-kabelbruch-1024x424.jpg 1024w, https:\/\/blog.equinux.com\/wp-content\/uploads\/sites\/2\/2018\/07\/blog-kabelbruch-300x124.jpg 300w, https:\/\/blog.equinux.com\/wp-content\/uploads\/sites\/2\/2018\/07\/blog-kabelbruch-768x318.jpg 768w, https:\/\/blog.equinux.com\/wp-content\/uploads\/sites\/2\/2018\/07\/blog-kabelbruch-1536x636.jpg 1536w, https:\/\/blog.equinux.com\/wp-content\/uploads\/sites\/2\/2018\/07\/blog-kabelbruch-1568x649.jpg 1568w, https:\/\/blog.equinux.com\/wp-content\/uploads\/sites\/2\/2018\/07\/blog-kabelbruch.jpg 2000w\" sizes=\"auto, (max-width: 1024px) 100vw, 1024px\" \/><!--more-->[\/vc_column_text][\/vc_column][\/vc_row][vc_row type=\"in_container\" full_screen_row_position=\"middle\" scene_position=\"center\" text_color=\"dark\" text_align=\"left\" overlay_strength=\"0.3\"][vc_column column_padding=\"no-extra-padding\" column_padding_position=\"all\" background_color_opacity=\"1\" background_hover_color_opacity=\"1\" width=\"1\/1\" tablet_text_alignment=\"default\" phone_text_alignment=\"default\"][vc_column_text]Wir alle kennen das: Uns f\u00e4llt ein Schaden am iPhone-Kabel auf \u2013 vielleicht ist die Ummantelung kaputt und die Kabelstr\u00e4nge liegen frei \u2013 das Kabel funktioniert aber trotzdem noch ganz normal und man hat gerade einfach keine Lust oder Zeit, ein neues zu besorgen. Ist doch alles gar nicht so schlimm, oder? <strong>Doch! <\/strong>Hier kommen f\u00fcnf schockierende Gr\u00fcnde, warum du dein defektes Ladekabel sofort ersetzen solltest...[\/vc_column_text][\/vc_column][\/vc_row][vc_row type=\"in_container\" full_screen_row_position=\"middle\" scene_position=\"center\" text_color=\"dark\" text_align=\"left\" overlay_strength=\"0.3\"][vc_column column_padding=\"no-extra-padding\" column_padding_position=\"all\" background_color_opacity=\"1\" background_hover_color_opacity=\"1\" width=\"1\/1\" tablet_text_alignment=\"default\" phone_text_alignment=\"default\"][vc_column_text]<\/p>\n<h2>1. Kaputte Kabel schaden deinen Ger\u00e4ten<\/h2>\n<p>Du verwendest ein kaputtes Kabel, um dein Smartphone oder Tablet aufzuladen? Dadurch kann dein Ger\u00e4t Schaden nehmen. Zerfaserte Kabel halten den Strom davon ab, durch das Ladekabel korrekt ins Ger\u00e4t zu flie\u00dfen und k\u00f6nnen so eine \u00dcberspannung verursachen, die den inneren Komponenten deines Ger\u00e4ts extrem schaden k\u00f6nnte. Ein neues Kabel ist viel billiger, als ein defektes iPhone oder iPad zu ersetzen.[\/vc_column_text][\/vc_column][\/vc_row][vc_row type=\"in_container\" full_screen_row_position=\"middle\" scene_position=\"center\" text_color=\"dark\" text_align=\"left\" overlay_strength=\"0.3\"][vc_column column_padding=\"no-extra-padding\" column_padding_position=\"all\" background_color_opacity=\"1\" background_hover_color_opacity=\"1\" width=\"1\/2\" tablet_text_alignment=\"default\" phone_text_alignment=\"default\"][vc_column_text]<\/p>\n<h2>2. Du gef\u00e4hrdest deine Umgebung beim Gebrauch kaputter Kabel<\/h2>\n<p>Stromst\u00f6\u00dfe von defekten Ladekabeln lassen dein Ger\u00e4t oft \u00fcberhitzen, was eine gro\u00dfe Brandgefahr mit sich bringt. Eine gro\u00dfe Gefahr f\u00fcr dein Zuhause \u2013 besonders dann, wenn du dein Smartphone oder Tablet unbeaufsichtigt aufladen l\u00e4sst. Elektrobr\u00e4nde kommen heutzutage immer \u00f6fter vor und k\u00f6nnen wirklich fatale Folgen haben.[\/vc_column_text][\/vc_column][vc_column column_padding=\"no-extra-padding\" column_padding_position=\"all\" background_color_opacity=\"1\" background_hover_color_opacity=\"1\" width=\"1\/2\" tablet_text_alignment=\"default\" phone_text_alignment=\"default\"][vc_column_text]<\/p>\n<div id=\"attachment_9515\" style=\"width: 760px\" class=\"wp-caption aligncenter\"><img loading=\"lazy\" decoding=\"async\" aria-describedby=\"caption-attachment-9515\" class=\"wp-image-9515 size-full\" src=\"https:\/\/blog.equinux.com\/wp-content\/uploads\/sites\/2\/2018\/07\/fire-querdenker.jpg\" alt=\"\" width=\"750\" height=\"500\" srcset=\"https:\/\/blog.equinux.com\/wp-content\/uploads\/sites\/2\/2018\/07\/fire-querdenker.jpg 750w, https:\/\/blog.equinux.com\/wp-content\/uploads\/sites\/2\/2018\/07\/fire-querdenker-300x200.jpg 300w\" sizes=\"auto, (max-width: 750px) 100vw, 750px\" \/><p id=\"caption-attachment-9515\" class=\"wp-caption-text\">Defekte Ladekabel k\u00f6nnen zu Elektrobr\u00e4nden in deinem Zuhause f\u00fchren.<\/p><\/div>\n<p>[\/vc_column_text][\/vc_column][\/vc_row][vc_row type=\"in_container\" full_screen_row_position=\"middle\" scene_position=\"center\" text_color=\"dark\" text_align=\"left\" overlay_strength=\"0.3\"][vc_column column_padding=\"no-extra-padding\" column_padding_position=\"all\" background_color_opacity=\"1\" background_hover_color_opacity=\"1\" width=\"1\/1\" tablet_text_alignment=\"default\" phone_text_alignment=\"default\"][vc_column_text]<\/p>\n<h2>3. Du l\u00e4ufst Gefahr, einen Stromschlag zu bekommen<\/h2>\n<p>Die Kabelstr\u00e4nge, die wegen einer stark abgenutzten Ummantelung ungesch\u00fctzt offen liegen, sind gef\u00e4hrlich. Die Ummantelung deines Ladekabels ist dazu da, dich vor den Str\u00f6men zu sch\u00fctzen, die durch die Kabelstr\u00e4nge flie\u00dfen. Wenn du aus Versehen einen ungesch\u00fctzten Kabelstrang ber\u00fchrst, k\u00f6nntest du durch einen Stromschlag sogar schmerzhafte Brandwunden oder Schlimmeres davontragen...[\/vc_column_text][\/vc_column][\/vc_row][vc_row type=\"in_container\" full_screen_row_position=\"middle\" scene_position=\"center\" text_color=\"dark\" text_align=\"left\" overlay_strength=\"0.3\"][vc_column column_padding=\"no-extra-padding\" column_padding_position=\"all\" background_color_opacity=\"1\" background_hover_color_opacity=\"1\" width=\"1\/2\" tablet_text_alignment=\"default\" phone_text_alignment=\"default\"][vc_column_text]<\/p>\n<h2>4. Gefahr f\u00fcr dein Umfeld<\/h2>\n<p>Wenn ein offener Kabelstrang dich schwer verletzten kann, kann das nat\u00fcrlich auch deinen Kindern oder Haustieren passieren. Kleinkinder und Vierbeiner sind immer neugierig und wollen alles in ihrem Umfeld entdecken. Wenn sie aber in Ber\u00fchrung mit einem defekten Ladekabel kommen, k\u00f6nnte das f\u00fcr sie sogar t\u00f6dlich enden![\/vc_column_text][\/vc_column][vc_column column_padding=\"no-extra-padding\" column_padding_position=\"all\" background_color_opacity=\"1\" background_hover_color_opacity=\"1\" width=\"1\/2\" tablet_text_alignment=\"default\" phone_text_alignment=\"default\"][vc_column_text]<\/p>\n<div id=\"attachment_9514\" style=\"width: 760px\" class=\"wp-caption aligncenter\"><img loading=\"lazy\" decoding=\"async\" aria-describedby=\"caption-attachment-9514\" class=\"wp-image-9514 size-full\" src=\"https:\/\/blog.equinux.com\/wp-content\/uploads\/sites\/2\/2018\/07\/cat-querdenker.png\" alt=\"\" width=\"750\" height=\"500\" srcset=\"https:\/\/blog.equinux.com\/wp-content\/uploads\/sites\/2\/2018\/07\/cat-querdenker.png 750w, https:\/\/blog.equinux.com\/wp-content\/uploads\/sites\/2\/2018\/07\/cat-querdenker-300x200.png 300w\" sizes=\"auto, (max-width: 750px) 100vw, 750px\" \/><p id=\"caption-attachment-9514\" class=\"wp-caption-text\">Offene Kabelstr\u00e4nge k\u00f6nnen f\u00fcr Kinder und Haustiere fatal sein.<\/p><\/div>\n<p>[\/vc_column_text][\/vc_column][\/vc_row][vc_row type=\"in_container\" full_screen_row_position=\"middle\" scene_position=\"center\" text_color=\"dark\" text_align=\"left\" overlay_strength=\"0.3\"][vc_column column_padding=\"no-extra-padding\" column_padding_position=\"all\" background_color_opacity=\"1\" background_hover_color_opacity=\"1\" width=\"1\/1\" tablet_text_alignment=\"default\" phone_text_alignment=\"default\"][vc_column_text]<\/p>\n<h2>5. Du setzt dein Leben aufs Spiel<\/h2>\n<p>Im schlimmsten Fall kann ein defektes Ladekabel sogar zum Tod f\u00fchren. In den letzten Jahren gab es mehrere F\u00e4lle von t\u00f6dlichen Hausbr\u00e4nden, hervorgerufen durch defekte Ladekabel. Au\u00dferdem k\u00f6nnen defekte Kabel, wenn die \u00dcberspannung dementsprechend gro\u00df ist, auch zum Stromtod f\u00fchren - besonders bei kleinen Kindern und Tieren. Dein Leben ist deutlich mehr Wert als der Preis eines neuen Ladekabels![\/vc_column_text][\/vc_column][\/vc_row][vc_row type=\"in_container\" full_screen_row_position=\"middle\" scene_position=\"center\" text_color=\"dark\" text_align=\"left\" overlay_strength=\"0.3\"][vc_column column_padding=\"no-extra-padding\" column_padding_position=\"all\" background_color_opacity=\"1\" background_hover_color_opacity=\"1\" width=\"1\/1\" tablet_text_alignment=\"default\" phone_text_alignment=\"default\"][vc_column_text]<\/p>\n<h2>Was verursacht Besch\u00e4digungen an Ladekabeln?<\/h2>\n<p>Obwohl die m\u00f6glichen Folgen eines defekten Ladekabels sehr schlimm sein k\u00f6nnen, gibt es einige Punkte, die du ber\u00fccksichtigen kannst, um zu vermeiden, dass Kabel \u00fcberhaupt erst kaputt gehen. Hier sind drei h\u00e4ufige Ursachen f\u00fcr besch\u00e4digte Ladekabel und was du tun kannst, um sie zu vermeiden...[\/vc_column_text][\/vc_column][\/vc_row][vc_row type=\"in_container\" full_screen_row_position=\"middle\" scene_position=\"center\" text_color=\"dark\" text_align=\"left\" overlay_strength=\"0.3\"][vc_column column_padding=\"no-extra-padding\" column_padding_position=\"all\" background_color_opacity=\"1\" background_hover_color_opacity=\"1\" width=\"1\/3\" tablet_text_alignment=\"default\" phone_text_alignment=\"default\"][vc_column_text]<img loading=\"lazy\" decoding=\"async\" class=\"aligncenter wp-image-9539\" src=\"https:\/\/blog.equinux.com\/wp-content\/uploads\/sites\/2\/2018\/07\/caution.png\" alt=\"\" width=\"50\" height=\"50\" srcset=\"https:\/\/blog.equinux.com\/wp-content\/uploads\/sites\/2\/2018\/07\/caution.png 250w, https:\/\/blog.equinux.com\/wp-content\/uploads\/sites\/2\/2018\/07\/caution-150x150.png 150w\" sizes=\"auto, (max-width: 50px) 100vw, 50px\" \/>[\/vc_column_text][\/vc_column][vc_column column_padding=\"no-extra-padding\" column_padding_position=\"all\" background_color_opacity=\"1\" background_hover_color_opacity=\"1\" width=\"1\/3\" tablet_text_alignment=\"default\" phone_text_alignment=\"default\"][vc_column_text]<img loading=\"lazy\" decoding=\"async\" class=\"aligncenter wp-image-9539\" src=\"https:\/\/blog.equinux.com\/wp-content\/uploads\/sites\/2\/2018\/07\/caution.png\" alt=\"\" width=\"50\" height=\"50\" srcset=\"https:\/\/blog.equinux.com\/wp-content\/uploads\/sites\/2\/2018\/07\/caution.png 250w, https:\/\/blog.equinux.com\/wp-content\/uploads\/sites\/2\/2018\/07\/caution-150x150.png 150w\" sizes=\"auto, (max-width: 50px) 100vw, 50px\" \/>[\/vc_column_text][\/vc_column][vc_column column_padding=\"no-extra-padding\" column_padding_position=\"all\" background_color_opacity=\"1\" background_hover_color_opacity=\"1\" width=\"1\/3\" tablet_text_alignment=\"default\" phone_text_alignment=\"default\"][vc_column_text]<img loading=\"lazy\" decoding=\"async\" class=\"aligncenter wp-image-9539\" src=\"https:\/\/blog.equinux.com\/wp-content\/uploads\/sites\/2\/2018\/07\/caution.png\" alt=\"\" width=\"50\" height=\"50\" srcset=\"https:\/\/blog.equinux.com\/wp-content\/uploads\/sites\/2\/2018\/07\/caution.png 250w, https:\/\/blog.equinux.com\/wp-content\/uploads\/sites\/2\/2018\/07\/caution-150x150.png 150w\" sizes=\"auto, (max-width: 50px) 100vw, 50px\" \/>[\/vc_column_text][\/vc_column][\/vc_row][vc_row type=\"in_container\" full_screen_row_position=\"middle\" scene_position=\"center\" text_color=\"dark\" text_align=\"left\" overlay_strength=\"0.3\"][vc_column column_padding=\"no-extra-padding\" column_padding_position=\"all\" background_color_opacity=\"1\" background_hover_color_opacity=\"1\" width=\"1\/3\" tablet_text_alignment=\"default\" phone_text_alignment=\"default\"][vc_column_text]Die Ummantelung deines Ladekabels wird sehr stark belastet, wenn das Kabel geknickt wird - z.B. beim Aufladen im Bett oder auf der Couch. Dadurch kann die Ummantelung rei\u00dfen, was die inneren Kabelstr\u00e4nge offenliegen l\u00e4sst.[\/vc_column_text][\/vc_column][vc_column column_padding=\"no-extra-padding\" column_padding_position=\"all\" background_color_opacity=\"1\" background_hover_color_opacity=\"1\" width=\"1\/3\" tablet_text_alignment=\"default\" phone_text_alignment=\"default\"][vc_column_text]Viele Leute passen nicht auf, wenn sie das Ladeger\u00e4t von ihrem Handy oder Tablet abziehen. Wenn man am Kabel zieht, statt vorne am Stecker, wird das Kabel stark belastet, was wiederum der Ummantelung schaden kann.[\/vc_column_text][\/vc_column][vc_column column_padding=\"no-extra-padding\" column_padding_position=\"all\" background_color_opacity=\"1\" background_hover_color_opacity=\"1\" width=\"1\/3\" tablet_text_alignment=\"default\" phone_text_alignment=\"default\"][vc_column_text]Bei minderwertigen \"<em>Allesfresser<\/em>\" Kabeln kommen Stromst\u00f6\u00dfe viel \u00f6fter vor. Die Ummantelung besteht hier auch meistens aus billigem, d\u00fcnnem Plastik, das dem Nutzer keinen guten Schutz bietet und au\u00dferdem schneller kaputt geht.[\/vc_column_text][\/vc_column][\/vc_row][vc_row type=\"in_container\" full_screen_row_position=\"middle\" scene_position=\"center\" text_color=\"dark\" text_align=\"left\" overlay_strength=\"0.3\"][vc_column column_padding=\"no-extra-padding\" column_padding_position=\"all\" background_color_opacity=\"1\" background_hover_color_opacity=\"1\" width=\"1\/1\" tablet_text_alignment=\"default\" phone_text_alignment=\"default\"][vc_column_text]<\/p>\n<h1>Kabelbruch? Zeit zum Querdenken!<\/h1>\n<p><strong>tizi Querdenker\/in<\/strong> \u2013 Das ultimative tizi Kabel f\u00fcr dein iPhone, iPad, Tablet und jedes andere Mobilger\u00e4t. Das Kabel wurde f\u00fcr Querdenker\/innen entwickelt und ist die perfekte L\u00f6sung f\u00fcr diejenigen, die eine extreme Kabel-Belastung und die damit verbundenen Risiken vermeiden wollen. Mit Apple Lightning- oder Micro-USB-Stecker erh\u00e4ltlich.\u00a0<a href=\"https:\/\/www.equinux.com\/goto\/MT6726\" target=\"_blank\" rel=\"noopener\">Ab sofort bei Amazon!<\/a>[\/vc_column_text][\/vc_column][\/vc_row][vc_row type=\"in_container\" full_screen_row_position=\"middle\" scene_position=\"center\" text_color=\"dark\" text_align=\"left\" overlay_strength=\"0.3\"][vc_column column_padding=\"no-extra-padding\" column_padding_position=\"all\" background_color_opacity=\"1\" background_hover_color_opacity=\"1\" width=\"1\/2\" tablet_text_alignment=\"default\" phone_text_alignment=\"default\"][vc_column_text]<a href=\"https:\/\/www.equinux.com\/goto\/MT6726\" target=\"_blank\" rel=\"noopener\"><img loading=\"lazy\" decoding=\"async\" class=\"aligncenter wp-image-9606 size-full\" src=\"https:\/\/blog.equinux.com\/wp-content\/uploads\/sites\/2\/2018\/07\/querdenker-micro-1.jpg\" alt=\"\" width=\"800\" height=\"800\" srcset=\"https:\/\/blog.equinux.com\/wp-content\/uploads\/sites\/2\/2018\/07\/querdenker-micro-1.jpg 800w, https:\/\/blog.equinux.com\/wp-content\/uploads\/sites\/2\/2018\/07\/querdenker-micro-1-300x300.jpg 300w, https:\/\/blog.equinux.com\/wp-content\/uploads\/sites\/2\/2018\/07\/querdenker-micro-1-150x150.jpg 150w, https:\/\/blog.equinux.com\/wp-content\/uploads\/sites\/2\/2018\/07\/querdenker-micro-1-768x768.jpg 768w\" sizes=\"auto, (max-width: 800px) 100vw, 800px\" \/><\/a>[\/vc_column_text][vc_column_text]<a href=\"https:\/\/www.equinux.com\/goto\/MT6726\" target=\"_blank\" rel=\"noopener\"><img loading=\"lazy\" decoding=\"async\" class=\"aligncenter size-full wp-image-9612\" src=\"https:\/\/blog.equinux.com\/wp-content\/uploads\/sites\/2\/2018\/07\/test-1.png\" alt=\"\" width=\"453\" height=\"102\" srcset=\"https:\/\/blog.equinux.com\/wp-content\/uploads\/sites\/2\/2018\/07\/test-1.png 453w, https:\/\/blog.equinux.com\/wp-content\/uploads\/sites\/2\/2018\/07\/test-1-300x68.png 300w\" sizes=\"auto, (max-width: 453px) 100vw, 453px\" \/><\/a>[\/vc_column_text][\/vc_column][vc_column column_padding=\"no-extra-padding\" column_padding_position=\"all\" background_color_opacity=\"1\" background_hover_color_opacity=\"1\" width=\"1\/2\" tablet_text_alignment=\"default\" phone_text_alignment=\"default\"][vc_column_text]<a href=\"https:\/\/www.equinux.com\/goto\/MT6736\" target=\"_blank\" rel=\"noopener\"><img loading=\"lazy\" decoding=\"async\" class=\"aligncenter size-full wp-image-9604\" src=\"https:\/\/blog.equinux.com\/wp-content\/uploads\/sites\/2\/2018\/07\/querdenker-lightning.jpg\" alt=\"\" width=\"800\" height=\"800\" srcset=\"https:\/\/blog.equinux.com\/wp-content\/uploads\/sites\/2\/2018\/07\/querdenker-lightning.jpg 800w, https:\/\/blog.equinux.com\/wp-content\/uploads\/sites\/2\/2018\/07\/querdenker-lightning-300x300.jpg 300w, https:\/\/blog.equinux.com\/wp-content\/uploads\/sites\/2\/2018\/07\/querdenker-lightning-150x150.jpg 150w, https:\/\/blog.equinux.com\/wp-content\/uploads\/sites\/2\/2018\/07\/querdenker-lightning-768x768.jpg 768w\" sizes=\"auto, (max-width: 800px) 100vw, 800px\" \/><\/a>[\/vc_column_text][vc_column_text]<a href=\"https:\/\/www.equinux.com\/goto\/MT6736\" target=\"_blank\" rel=\"noopener\"><img loading=\"lazy\" decoding=\"async\" class=\"aligncenter size-full wp-image-9614\" src=\"https:\/\/blog.equinux.com\/wp-content\/uploads\/sites\/2\/2018\/07\/lightning.png\" alt=\"\" width=\"453\" height=\"102\" srcset=\"https:\/\/blog.equinux.com\/wp-content\/uploads\/sites\/2\/2018\/07\/lightning.png 453w, https:\/\/blog.equinux.com\/wp-content\/uploads\/sites\/2\/2018\/07\/lightning-300x68.png 300w\" sizes=\"auto, (max-width: 453px) 100vw, 453px\" \/><\/a>[\/vc_column_text][\/vc_column][\/vc_row][vc_row type=\"in_container\" full_screen_row_position=\"middle\" scene_position=\"center\" text_color=\"dark\" text_align=\"left\" overlay_strength=\"0.3\"][vc_column column_padding=\"no-extra-padding\" column_padding_position=\"all\" background_color_opacity=\"1\" background_hover_color_opacity=\"1\" width=\"1\/1\" tablet_text_alignment=\"default\" phone_text_alignment=\"default\"][vc_column_text]<img loading=\"lazy\" decoding=\"async\" class=\"aligncenter wp-image-9503\" src=\"https:\/\/blog.equinux.com\/wp-content\/uploads\/sites\/2\/2018\/07\/tick-tizi.png\" alt=\"\" width=\"50\" height=\"50\" srcset=\"https:\/\/blog.equinux.com\/wp-content\/uploads\/sites\/2\/2018\/07\/tick-tizi.png 250w, https:\/\/blog.equinux.com\/wp-content\/uploads\/sites\/2\/2018\/07\/tick-tizi-150x150.png 150w\" sizes=\"auto, (max-width: 50px) 100vw, 50px\" \/>[\/vc_column_text][vc_column_text]<\/p>\n<p style=\"text-align: center\">Die Kabell\u00e4nge von 2 Metern ist sehr praktisch und verhindert Belastung durch Ziehen am Ladekabel. Mit dem abgewinkelten Stecker lassen sich Ger\u00e4te auch dann super aufladen, w\u00e4hrend man sie im Liegen im Bett oder auf dem Sofa weiter benutzt.<\/p>\n<p>[\/vc_column_text][vc_column_text]<img loading=\"lazy\" decoding=\"async\" class=\"aligncenter wp-image-9503\" src=\"https:\/\/blog.equinux.com\/wp-content\/uploads\/sites\/2\/2018\/07\/tick-tizi.png\" alt=\"\" width=\"50\" height=\"50\" srcset=\"https:\/\/blog.equinux.com\/wp-content\/uploads\/sites\/2\/2018\/07\/tick-tizi.png 250w, https:\/\/blog.equinux.com\/wp-content\/uploads\/sites\/2\/2018\/07\/tick-tizi-150x150.png 150w\" sizes=\"auto, (max-width: 50px) 100vw, 50px\" \/>[\/vc_column_text][vc_column_text]<\/p>\n<p style=\"text-align: center\">Durch die Form des Steckers l\u00e4sst sich das Kabel au\u00dferdem sehr einfach von deinem Smartphone oder Tablet abziehen. Hei\u00dft: Keine sch\u00e4dliche Belastung mehr beim Entfernen deines Ladekabels.<\/p>\n<p>[\/vc_column_text][vc_column_text]<img loading=\"lazy\" decoding=\"async\" class=\"aligncenter wp-image-9503\" src=\"https:\/\/blog.equinux.com\/wp-content\/uploads\/sites\/2\/2018\/07\/tick-tizi.png\" alt=\"\" width=\"50\" height=\"50\" srcset=\"https:\/\/blog.equinux.com\/wp-content\/uploads\/sites\/2\/2018\/07\/tick-tizi.png 250w, https:\/\/blog.equinux.com\/wp-content\/uploads\/sites\/2\/2018\/07\/tick-tizi-150x150.png 150w\" sizes=\"auto, (max-width: 50px) 100vw, 50px\" \/>[\/vc_column_text][vc_column_text]<\/p>\n<p style=\"text-align: center\">Die tizi Garantie: Wir haben jahrelange Erfahrung in der Herstellung von hochwertigen Ladekabeln. tizi Querdenker\/in besteht aus nylonummanteltem Draht, der dir ultimativen Schutz, sowie luxuri\u00f6sen Style bietet.<\/p>\n<p>[\/vc_column_text][\/vc_column][\/vc_row][vc_row type=\"in_container\" full_screen_row_position=\"middle\" scene_position=\"center\" text_color=\"dark\" text_align=\"left\" overlay_strength=\"0.3\"][vc_column column_padding=\"no-extra-padding\" column_padding_position=\"all\" background_color_opacity=\"1\" background_hover_color_opacity=\"1\" width=\"1\/1\" tablet_text_alignment=\"default\" phone_text_alignment=\"default\"][vc_column_text]<\/p>\n<p style=\"text-align: center\">Sei proaktiv: Hol dir heute noch deine tizi Querdenker\/in und bleib immer vor Kabel-Sch\u00e4den gesch\u00fctzt...<\/p>\n<p>[\/vc_column_text][\/vc_column][\/vc_row]<\/p>\n","protected":false},"excerpt":{"rendered":"<p>[vc_row type=&#8220;in_container&#8220; full_screen_row_position=&#8220;middle&#8220; scene_position=&#8220;center&#8220; text_color=&#8220;dark&#8220; text_align=&#8220;left&#8220; overlay_strength=&#8220;0.3&#8243;][vc_column column_padding=&#8220;no-extra-padding&#8220; column_padding_position=&#8220;all&#8220; background_color_opacity=&#8220;1&#8243; background_hover_color_opacity=&#8220;1&#8243; width=&#8220;1\/1&#8243; tablet_text_alignment=&#8220;default&#8220; phone_text_alignment=&#8220;default&#8220;][vc_column_text]Sobald du merkst, dass dein Ladekabel nicht mehr so richtig gut aussieht, solltest du dich so schnell wie m\u00f6glich um einen Ersatz k\u00fcmmern. Denn ein besch\u00e4digtes Ladekabel kann zu vielen Problemen f\u00fchren \u2013 bis hin zu schweren Verletzungen, die es dir, deiner [&hellip;]<\/p>\n","protected":false},"author":7,"featured_media":0,"comment_status":"closed","ping_status":"closed","sticky":false,"template":"","format":"standard","meta":{"_et_pb_use_builder":"","_et_pb_old_content":"","_et_gb_content_width":"","apple_news_api_created_at":"","apple_news_api_id":"","apple_news_api_modified_at":"","apple_news_api_revision":"","apple_news_api_share_url":"","apple_news_cover_media_provider":"image","apple_news_coverimage":0,"apple_news_coverimage_caption":"","apple_news_cover_video_id":0,"apple_news_cover_video_url":"","apple_news_cover_embedwebvideo_url":"","apple_news_is_hidden":"","apple_news_is_paid":"","apple_news_is_preview":"","apple_news_is_sponsored":"","apple_news_maturity_rating":"","apple_news_metadata":"\"\"","apple_news_pullquote":"","apple_news_pullquote_position":"","apple_news_slug":"","apple_news_sections":[],"apple_news_suppress_video_url":false,"apple_news_use_image_component":false,"_jetpack_memberships_contains_paid_content":false,"footnotes":""},"categories":[714,728],"tags":[],"class_list":["post-9545","post","type-post","status-publish","format-standard","hentry","category-company-de","category-tizi-2"],"apple_news_notices":[],"yoast_head":"<!-- This site is optimized with the Yoast SEO plugin v27.2 - https:\/\/yoast.com\/product\/yoast-seo-wordpress\/ -->\n<title>Achtung! Finger weg von deinem defekten Ladekabel - aus diesen 5 Gr\u00fcnden - equinux Blog<\/title>\n<meta name=\"robots\" content=\"index, follow, max-snippet:-1, max-image-preview:large, max-video-preview:-1\" \/>\n<link rel=\"canonical\" href=\"https:\/\/blog.equinux.com\/de\/2018\/07\/achtung-finger-weg-von-deinem-defekten-ladekabel-wegen-diesen-5-grunden\/\" \/>\n<meta property=\"og:locale\" content=\"de_DE\" \/>\n<meta property=\"og:type\" content=\"article\" \/>\n<meta property=\"og:title\" content=\"Achtung! Finger weg von deinem defekten Ladekabel - aus diesen 5 Gr\u00fcnden - equinux Blog\" \/>\n<meta property=\"og:description\" content=\"[vc_row type=&quot;in_container&quot; full_screen_row_position=&quot;middle&quot; scene_position=&quot;center&quot; text_color=&quot;dark&quot; text_align=&quot;left&quot; overlay_strength=&quot;0.3&quot;][vc_column column_padding=&quot;no-extra-padding&quot; column_padding_position=&quot;all&quot; background_color_opacity=&quot;1&quot; background_hover_color_opacity=&quot;1&quot; width=&quot;1\/1&quot; tablet_text_alignment=&quot;default&quot; phone_text_alignment=&quot;default&quot;][vc_column_text]Sobald du merkst, dass dein Ladekabel nicht mehr so richtig gut aussieht, solltest du dich so schnell wie m\u00f6glich um einen Ersatz k\u00fcmmern. Denn ein besch\u00e4digtes Ladekabel kann zu vielen Problemen f\u00fchren \u2013 bis hin zu schweren Verletzungen, die es dir, deiner [&hellip;]\" \/>\n<meta property=\"og:url\" content=\"https:\/\/blog.equinux.com\/de\/2018\/07\/achtung-finger-weg-von-deinem-defekten-ladekabel-wegen-diesen-5-grunden\/\" \/>\n<meta property=\"og:site_name\" content=\"equinux Blog\" \/>\n<meta property=\"article:published_time\" content=\"2018-07-20T11:31:02+00:00\" \/>\n<meta property=\"og:image\" content=\"http:\/\/blog.equinux.com\/wp-content\/uploads\/sites\/2\/2018\/07\/blog-kabelbruch-1024x424.jpg\" \/>\n<meta name=\"author\" content=\"Team equinux\" \/>\n<meta name=\"twitter:card\" content=\"summary_large_image\" \/>\n<meta name=\"twitter:label1\" content=\"Verfasst von\" \/>\n\t<meta name=\"twitter:data1\" content=\"Team equinux\" \/>\n\t<meta name=\"twitter:label2\" content=\"Gesch\u00e4tzte Lesezeit\" \/>\n\t<meta name=\"twitter:data2\" content=\"9\u00a0Minuten\" \/>\n<script type=\"application\/ld+json\" class=\"yoast-schema-graph\">{\"@context\":\"https:\/\/schema.org\",\"@graph\":[{\"@type\":\"Article\",\"@id\":\"https:\/\/blog.equinux.com\/de\/2018\/07\/achtung-finger-weg-von-deinem-defekten-ladekabel-wegen-diesen-5-grunden\/#article\",\"isPartOf\":{\"@id\":\"https:\/\/blog.equinux.com\/de\/2018\/07\/achtung-finger-weg-von-deinem-defekten-ladekabel-wegen-diesen-5-grunden\/\"},\"author\":{\"name\":\"Team equinux\",\"@id\":\"https:\/\/blog.equinux.com\/de\/#\/schema\/person\/944da594d9367a0854ba9fbc172955e3\"},\"headline\":\"Achtung! Finger weg von deinem defekten Ladekabel - aus diesen 5 Gr\u00fcnden\",\"datePublished\":\"2018-07-20T11:31:02+00:00\",\"mainEntityOfPage\":{\"@id\":\"https:\/\/blog.equinux.com\/de\/2018\/07\/achtung-finger-weg-von-deinem-defekten-ladekabel-wegen-diesen-5-grunden\/\"},\"wordCount\":1904,\"image\":{\"@id\":\"https:\/\/blog.equinux.com\/de\/2018\/07\/achtung-finger-weg-von-deinem-defekten-ladekabel-wegen-diesen-5-grunden\/#primaryimage\"},\"thumbnailUrl\":\"http:\/\/blog.equinux.com\/wp-content\/uploads\/sites\/2\/2018\/07\/blog-kabelbruch-1024x424.jpg\",\"articleSection\":[\"Company @de\",\"tizi @de\"],\"inLanguage\":\"de\"},{\"@type\":\"WebPage\",\"@id\":\"https:\/\/blog.equinux.com\/de\/2018\/07\/achtung-finger-weg-von-deinem-defekten-ladekabel-wegen-diesen-5-grunden\/\",\"url\":\"https:\/\/blog.equinux.com\/de\/2018\/07\/achtung-finger-weg-von-deinem-defekten-ladekabel-wegen-diesen-5-grunden\/\",\"name\":\"Achtung! Finger weg von deinem defekten Ladekabel - aus diesen 5 Gr\u00fcnden - equinux Blog\",\"isPartOf\":{\"@id\":\"https:\/\/blog.equinux.com\/de\/#website\"},\"primaryImageOfPage\":{\"@id\":\"https:\/\/blog.equinux.com\/de\/2018\/07\/achtung-finger-weg-von-deinem-defekten-ladekabel-wegen-diesen-5-grunden\/#primaryimage\"},\"image\":{\"@id\":\"https:\/\/blog.equinux.com\/de\/2018\/07\/achtung-finger-weg-von-deinem-defekten-ladekabel-wegen-diesen-5-grunden\/#primaryimage\"},\"thumbnailUrl\":\"http:\/\/blog.equinux.com\/wp-content\/uploads\/sites\/2\/2018\/07\/blog-kabelbruch-1024x424.jpg\",\"datePublished\":\"2018-07-20T11:31:02+00:00\",\"author\":{\"@id\":\"https:\/\/blog.equinux.com\/de\/#\/schema\/person\/944da594d9367a0854ba9fbc172955e3\"},\"breadcrumb\":{\"@id\":\"https:\/\/blog.equinux.com\/de\/2018\/07\/achtung-finger-weg-von-deinem-defekten-ladekabel-wegen-diesen-5-grunden\/#breadcrumb\"},\"inLanguage\":\"de\",\"potentialAction\":[{\"@type\":\"ReadAction\",\"target\":[\"https:\/\/blog.equinux.com\/de\/2018\/07\/achtung-finger-weg-von-deinem-defekten-ladekabel-wegen-diesen-5-grunden\/\"]}]},{\"@type\":\"ImageObject\",\"inLanguage\":\"de\",\"@id\":\"https:\/\/blog.equinux.com\/de\/2018\/07\/achtung-finger-weg-von-deinem-defekten-ladekabel-wegen-diesen-5-grunden\/#primaryimage\",\"url\":\"http:\/\/blog.equinux.com\/wp-content\/uploads\/sites\/2\/2018\/07\/blog-kabelbruch-1024x424.jpg\",\"contentUrl\":\"http:\/\/blog.equinux.com\/wp-content\/uploads\/sites\/2\/2018\/07\/blog-kabelbruch-1024x424.jpg\"},{\"@type\":\"BreadcrumbList\",\"@id\":\"https:\/\/blog.equinux.com\/de\/2018\/07\/achtung-finger-weg-von-deinem-defekten-ladekabel-wegen-diesen-5-grunden\/#breadcrumb\",\"itemListElement\":[{\"@type\":\"ListItem\",\"position\":1,\"name\":\"Home\",\"item\":\"https:\/\/blog.equinux.com\/de\/\"},{\"@type\":\"ListItem\",\"position\":2,\"name\":\"Achtung! Finger weg von deinem defekten Ladekabel &#8211; aus diesen 5 Gr\u00fcnden\"}]},{\"@type\":\"WebSite\",\"@id\":\"https:\/\/blog.equinux.com\/de\/#website\",\"url\":\"https:\/\/blog.equinux.com\/de\/\",\"name\":\"equinux Blog\",\"description\":\"Blog about our latest Apps, Updates and cool Gadgets\",\"potentialAction\":[{\"@type\":\"SearchAction\",\"target\":{\"@type\":\"EntryPoint\",\"urlTemplate\":\"https:\/\/blog.equinux.com\/de\/?s={search_term_string}\"},\"query-input\":{\"@type\":\"PropertyValueSpecification\",\"valueRequired\":true,\"valueName\":\"search_term_string\"}}],\"inLanguage\":\"de\"},{\"@type\":\"Person\",\"@id\":\"https:\/\/blog.equinux.com\/de\/#\/schema\/person\/944da594d9367a0854ba9fbc172955e3\",\"name\":\"Team equinux\",\"image\":{\"@type\":\"ImageObject\",\"inLanguage\":\"de\",\"@id\":\"https:\/\/secure.gravatar.com\/avatar\/a464375401d0b7b9f604fcd397f39ca1fc6d5062967228e381e4fa5586a747e1?s=96&d=mm&r=g\",\"url\":\"https:\/\/secure.gravatar.com\/avatar\/a464375401d0b7b9f604fcd397f39ca1fc6d5062967228e381e4fa5586a747e1?s=96&d=mm&r=g\",\"contentUrl\":\"https:\/\/secure.gravatar.com\/avatar\/a464375401d0b7b9f604fcd397f39ca1fc6d5062967228e381e4fa5586a747e1?s=96&d=mm&r=g\",\"caption\":\"Team equinux\"},\"url\":\"#\"}]}<\/script>\n<!-- \/ Yoast SEO plugin. -->","yoast_head_json":{"title":"Achtung! Finger weg von deinem defekten Ladekabel - aus diesen 5 Gr\u00fcnden - equinux Blog","robots":{"index":"index","follow":"follow","max-snippet":"max-snippet:-1","max-image-preview":"max-image-preview:large","max-video-preview":"max-video-preview:-1"},"canonical":"https:\/\/blog.equinux.com\/de\/2018\/07\/achtung-finger-weg-von-deinem-defekten-ladekabel-wegen-diesen-5-grunden\/","og_locale":"de_DE","og_type":"article","og_title":"Achtung! Finger weg von deinem defekten Ladekabel - aus diesen 5 Gr\u00fcnden - equinux Blog","og_description":"[vc_row type=\"in_container\" full_screen_row_position=\"middle\" scene_position=\"center\" text_color=\"dark\" text_align=\"left\" overlay_strength=\"0.3\"][vc_column column_padding=\"no-extra-padding\" column_padding_position=\"all\" background_color_opacity=\"1\" background_hover_color_opacity=\"1\" width=\"1\/1\" tablet_text_alignment=\"default\" phone_text_alignment=\"default\"][vc_column_text]Sobald du merkst, dass dein Ladekabel nicht mehr so richtig gut aussieht, solltest du dich so schnell wie m\u00f6glich um einen Ersatz k\u00fcmmern. Denn ein besch\u00e4digtes Ladekabel kann zu vielen Problemen f\u00fchren \u2013 bis hin zu schweren Verletzungen, die es dir, deiner [&hellip;]","og_url":"https:\/\/blog.equinux.com\/de\/2018\/07\/achtung-finger-weg-von-deinem-defekten-ladekabel-wegen-diesen-5-grunden\/","og_site_name":"equinux Blog","article_published_time":"2018-07-20T11:31:02+00:00","og_image":[{"url":"http:\/\/blog.equinux.com\/wp-content\/uploads\/sites\/2\/2018\/07\/blog-kabelbruch-1024x424.jpg","type":"","width":"","height":""}],"author":"Team equinux","twitter_card":"summary_large_image","twitter_misc":{"Verfasst von":"Team equinux","Gesch\u00e4tzte Lesezeit":"9\u00a0Minuten"},"schema":{"@context":"https:\/\/schema.org","@graph":[{"@type":"Article","@id":"https:\/\/blog.equinux.com\/de\/2018\/07\/achtung-finger-weg-von-deinem-defekten-ladekabel-wegen-diesen-5-grunden\/#article","isPartOf":{"@id":"https:\/\/blog.equinux.com\/de\/2018\/07\/achtung-finger-weg-von-deinem-defekten-ladekabel-wegen-diesen-5-grunden\/"},"author":{"name":"Team equinux","@id":"https:\/\/blog.equinux.com\/de\/#\/schema\/person\/944da594d9367a0854ba9fbc172955e3"},"headline":"Achtung! Finger weg von deinem defekten Ladekabel - aus diesen 5 Gr\u00fcnden","datePublished":"2018-07-20T11:31:02+00:00","mainEntityOfPage":{"@id":"https:\/\/blog.equinux.com\/de\/2018\/07\/achtung-finger-weg-von-deinem-defekten-ladekabel-wegen-diesen-5-grunden\/"},"wordCount":1904,"image":{"@id":"https:\/\/blog.equinux.com\/de\/2018\/07\/achtung-finger-weg-von-deinem-defekten-ladekabel-wegen-diesen-5-grunden\/#primaryimage"},"thumbnailUrl":"http:\/\/blog.equinux.com\/wp-content\/uploads\/sites\/2\/2018\/07\/blog-kabelbruch-1024x424.jpg","articleSection":["Company @de","tizi @de"],"inLanguage":"de"},{"@type":"WebPage","@id":"https:\/\/blog.equinux.com\/de\/2018\/07\/achtung-finger-weg-von-deinem-defekten-ladekabel-wegen-diesen-5-grunden\/","url":"https:\/\/blog.equinux.com\/de\/2018\/07\/achtung-finger-weg-von-deinem-defekten-ladekabel-wegen-diesen-5-grunden\/","name":"Achtung! Finger weg von deinem defekten Ladekabel - aus diesen 5 Gr\u00fcnden - equinux Blog","isPartOf":{"@id":"https:\/\/blog.equinux.com\/de\/#website"},"primaryImageOfPage":{"@id":"https:\/\/blog.equinux.com\/de\/2018\/07\/achtung-finger-weg-von-deinem-defekten-ladekabel-wegen-diesen-5-grunden\/#primaryimage"},"image":{"@id":"https:\/\/blog.equinux.com\/de\/2018\/07\/achtung-finger-weg-von-deinem-defekten-ladekabel-wegen-diesen-5-grunden\/#primaryimage"},"thumbnailUrl":"http:\/\/blog.equinux.com\/wp-content\/uploads\/sites\/2\/2018\/07\/blog-kabelbruch-1024x424.jpg","datePublished":"2018-07-20T11:31:02+00:00","author":{"@id":"https:\/\/blog.equinux.com\/de\/#\/schema\/person\/944da594d9367a0854ba9fbc172955e3"},"breadcrumb":{"@id":"https:\/\/blog.equinux.com\/de\/2018\/07\/achtung-finger-weg-von-deinem-defekten-ladekabel-wegen-diesen-5-grunden\/#breadcrumb"},"inLanguage":"de","potentialAction":[{"@type":"ReadAction","target":["https:\/\/blog.equinux.com\/de\/2018\/07\/achtung-finger-weg-von-deinem-defekten-ladekabel-wegen-diesen-5-grunden\/"]}]},{"@type":"ImageObject","inLanguage":"de","@id":"https:\/\/blog.equinux.com\/de\/2018\/07\/achtung-finger-weg-von-deinem-defekten-ladekabel-wegen-diesen-5-grunden\/#primaryimage","url":"http:\/\/blog.equinux.com\/wp-content\/uploads\/sites\/2\/2018\/07\/blog-kabelbruch-1024x424.jpg","contentUrl":"http:\/\/blog.equinux.com\/wp-content\/uploads\/sites\/2\/2018\/07\/blog-kabelbruch-1024x424.jpg"},{"@type":"BreadcrumbList","@id":"https:\/\/blog.equinux.com\/de\/2018\/07\/achtung-finger-weg-von-deinem-defekten-ladekabel-wegen-diesen-5-grunden\/#breadcrumb","itemListElement":[{"@type":"ListItem","position":1,"name":"Home","item":"https:\/\/blog.equinux.com\/de\/"},{"@type":"ListItem","position":2,"name":"Achtung! Finger weg von deinem defekten Ladekabel &#8211; aus diesen 5 Gr\u00fcnden"}]},{"@type":"WebSite","@id":"https:\/\/blog.equinux.com\/de\/#website","url":"https:\/\/blog.equinux.com\/de\/","name":"equinux Blog","description":"Blog about our latest Apps, Updates and cool Gadgets","potentialAction":[{"@type":"SearchAction","target":{"@type":"EntryPoint","urlTemplate":"https:\/\/blog.equinux.com\/de\/?s={search_term_string}"},"query-input":{"@type":"PropertyValueSpecification","valueRequired":true,"valueName":"search_term_string"}}],"inLanguage":"de"},{"@type":"Person","@id":"https:\/\/blog.equinux.com\/de\/#\/schema\/person\/944da594d9367a0854ba9fbc172955e3","name":"Team equinux","image":{"@type":"ImageObject","inLanguage":"de","@id":"https:\/\/secure.gravatar.com\/avatar\/a464375401d0b7b9f604fcd397f39ca1fc6d5062967228e381e4fa5586a747e1?s=96&d=mm&r=g","url":"https:\/\/secure.gravatar.com\/avatar\/a464375401d0b7b9f604fcd397f39ca1fc6d5062967228e381e4fa5586a747e1?s=96&d=mm&r=g","contentUrl":"https:\/\/secure.gravatar.com\/avatar\/a464375401d0b7b9f604fcd397f39ca1fc6d5062967228e381e4fa5586a747e1?s=96&d=mm&r=g","caption":"Team equinux"},"url":"#"}]}},"jetpack_featured_media_url":"","jetpack_sharing_enabled":true,"_links":{"self":[{"href":"https:\/\/blog.equinux.com\/de\/wp-json\/wp\/v2\/posts\/9545","targetHints":{"allow":["GET"]}}],"collection":[{"href":"https:\/\/blog.equinux.com\/de\/wp-json\/wp\/v2\/posts"}],"about":[{"href":"https:\/\/blog.equinux.com\/de\/wp-json\/wp\/v2\/types\/post"}],"author":[{"embeddable":true,"href":"https:\/\/blog.equinux.com\/de\/wp-json\/wp\/v2\/users\/7"}],"replies":[{"embeddable":true,"href":"https:\/\/blog.equinux.com\/de\/wp-json\/wp\/v2\/comments?post=9545"}],"version-history":[{"count":0,"href":"https:\/\/blog.equinux.com\/de\/wp-json\/wp\/v2\/posts\/9545\/revisions"}],"wp:attachment":[{"href":"https:\/\/blog.equinux.com\/de\/wp-json\/wp\/v2\/media?parent=9545"}],"wp:term":[{"taxonomy":"category","embeddable":true,"href":"https:\/\/blog.equinux.com\/de\/wp-json\/wp\/v2\/categories?post=9545"},{"taxonomy":"post_tag","embeddable":true,"href":"https:\/\/blog.equinux.com\/de\/wp-json\/wp\/v2\/tags?post=9545"}],"curies":[{"name":"wp","href":"https:\/\/api.w.org\/{rel}","templated":true}]}}