{"id":4728,"date":"2014-04-17T10:13:35","date_gmt":"2014-04-17T10:13:35","guid":{"rendered":"http:\/\/blog.equinux.com\/?p=4728"},"modified":"2014-04-17T10:13:35","modified_gmt":"2014-04-17T10:13:35","slug":"bye-bye-tv-zeitschrift-jetzt-kommt-tv-pro-2-fur-ipad","status":"publish","type":"post","link":"https:\/\/blog.equinux.com\/de\/2014\/04\/bye-bye-tv-zeitschrift-jetzt-kommt-tv-pro-2-fur-ipad\/","title":{"rendered":"Bye-bye TV-Zeitschrift! Ab auf die Fernseh-Couch mit TV Pro 2 f\u00fcr iPad!"},"content":{"rendered":"<p><a href=\"https:\/\/blog.equinux.com\/wp-content\/uploads\/sites\/2\/2014\/04\/tvpro2_neu.jpg\"><img loading=\"lazy\" decoding=\"async\" class=\"aligncenter size-full wp-image-4737\" alt=\"tvpro2_neu\" src=\"https:\/\/blog.equinux.com\/wp-content\/uploads\/sites\/2\/2014\/04\/tvpro2_neu.jpg\" width=\"550\" height=\"393\" srcset=\"https:\/\/blog.equinux.com\/wp-content\/uploads\/sites\/2\/2014\/04\/tvpro2_neu.jpg 550w, https:\/\/blog.equinux.com\/wp-content\/uploads\/sites\/2\/2014\/04\/tvpro2_neu-300x214.jpg 300w\" sizes=\"auto, (max-width: 550px) 100vw, 550px\" \/><\/a><\/p>\n<p><strong>Wie w\u00e4re es, wenn es ein TV-Magazin g\u00e4be, dass sich nach deinen pers\u00f6nlichen Sender-Vorlieben jeden Tag von selbst layoutet. Aufwachen! Dein Traum ist wahr! Mit der innovative TV-Programm App <a href=\"http:\/\/www.livetvgmbh.de\" target=\"_blank\" rel=\"noopener\">TV Pro 2<\/a> und dem Magazin-Mode h\u00e4ltst du die Zukunft der Fernsehzeitschriften in H\u00e4nden.<\/strong><\/p>\n<p>&nbsp;<\/p>\n<h3><strong>Schm\u00f6ker-Feeling neu erfunden<\/strong><\/h3>\n<p><strong>Wir lieben Zeitschriften, keine Excel-Listen!<\/strong> Deswegen haben wir das verspielte und lesefreundliche Layout eines Hefts mit der modernen Touch-Experience eines iPads fusioniert. Das neue Magazin in <a href=\"http:\/\/www.livetvgmbh.de\" target=\"_blank\" rel=\"noopener\">TV Pro 2<\/a> bietet dir eine komplette TV-Zeitschrift mit coolen Aufmachern, Info-Boxen, Film-Tipps der Redaktion, Hintergr\u00fcnden und Themenwelten. Das Layout wird dich sofort in den Bann ziehen. Blockbuster und die hei\u00dfesten Shows am iPad entdecken und mit einem Klick vormerken.<\/p>\n<p>&nbsp;<\/p>\n<h3><strong>TV Pro 2 liebt dich! Personal-Layout-Engine<\/strong><\/h3>\n<p><strong>Das stylische Layout von TV Pro 2 stellt sich ganz auf dich ein.<\/strong> Anhand deiner gew\u00e4hlten Sender, aktuellen Nutzetipps und anderer Faktoren, erstellt die App dein leckeres TV-Tipps-Buffet f\u00fcr dich. On-the-fly bekommt du so immer ein individuelles Mag. Es passt zu deinen DVB-T-Sendern oder inspiriert dich als Spielfilm-Freak. Alles ist m\u00f6glich: sogar als Doku- und Dritte-Programme-Gourmet wirst mit TV Pro 2 jetzt gerne auf der Couch l\u00fcmmeln. Du glaubst es nicht, <a href=\"http:\/\/www.livetvgmbh.de\/goto\/tvpro2\/download?ct=ltv_website\" target=\"_blank\" rel=\"noopener\">probier\u2018s selber aus!<\/a><\/p>\n<p>&nbsp;<\/p>\n<h3><strong>Goldene Zeiten f\u00fcr iPad-Nutzer<\/strong><\/h3>\n<p>TV Pro 2 Nutzer k\u00f6nnen\u00a0<strong>kostenlos die tagesaktuellen Pro- und Tages-Tipps<\/strong> im Magazin einsehen. Den TV-Grid \u00dcberblick kannst du jetzt sogar<strong> volle 7 Tage nutzen<\/strong>. Der Gold-Status bietet dir ab sofort ein 14-Tage-Magazin mit Zugriff auf alle Genre-Sparten.<\/p>\n<p><a href=\"http:\/\/www.livetvgmbh.de\/goto\/tvpro2\/download?ct=ltv_website\" target=\"_blank\" rel=\"noopener\">Jetzt die neue iPad 2 App laden.<\/a> Nat\u00fcrlich f\u00fcr iOS7 und Retina-Displays optimiert.<\/p>\n<p><em>Psst\u2026<a href=\"http:\/\/www.livetvgmbh.de\/gold-kostenlos\/\" target=\"_blank\" rel=\"noopener\">Goldstatus verdienen!<\/a>\u00a0\u2013 ist ganz einfach: Gib\u2018 uns ein \u201eGef\u00e4llt mit\u201c bei Facebook, \u201eFolge uns\u201c bei Twitter oder bleib up-to-date mit unserem Newsletter.<\/em><\/p>\n","protected":false},"excerpt":{"rendered":"<p>Wie w\u00e4re es, wenn es ein TV-Magazin g\u00e4be, dass sich nach deinen pers\u00f6nlichen Sender-Vorlieben jeden Tag von selbst layoutet. Aufwachen! Dein Traum ist wahr! Mit der innovative TV-Programm App TV Pro 2 und dem Magazin-Mode h\u00e4ltst du die Zukunft der Fernsehzeitschriften in H\u00e4nden. &nbsp; Schm\u00f6ker-Feeling neu erfunden Wir lieben Zeitschriften, keine Excel-Listen! Deswegen haben wir [&hellip;]<\/p>\n","protected":false},"author":4,"featured_media":0,"comment_status":"open","ping_status":"open","sticky":false,"template":"","format":"standard","meta":{"_et_pb_use_builder":"","_et_pb_old_content":"","_et_gb_content_width":"","apple_news_api_created_at":"","apple_news_api_id":"","apple_news_api_modified_at":"","apple_news_api_revision":"","apple_news_api_share_url":"","apple_news_cover_media_provider":"image","apple_news_coverimage":0,"apple_news_coverimage_caption":"","apple_news_cover_video_id":0,"apple_news_cover_video_url":"","apple_news_cover_embedwebvideo_url":"","apple_news_is_hidden":"","apple_news_is_paid":"","apple_news_is_preview":"","apple_news_is_sponsored":"","apple_news_maturity_rating":"","apple_news_metadata":"\"\"","apple_news_pullquote":"","apple_news_pullquote_position":"","apple_news_slug":"","apple_news_sections":[],"apple_news_suppress_video_url":false,"apple_news_use_image_component":false,"_jetpack_memberships_contains_paid_content":false,"footnotes":""},"categories":[714],"tags":[],"class_list":["post-4728","post","type-post","status-publish","format-standard","hentry","category-company-de"],"apple_news_notices":[],"yoast_head":"<!-- This site is optimized with the Yoast SEO plugin v27.2 - https:\/\/yoast.com\/product\/yoast-seo-wordpress\/ -->\n<title>Bye-bye TV-Zeitschrift! Ab auf die Fernseh-Couch mit TV Pro 2 f\u00fcr iPad! - equinux Blog<\/title>\n<meta name=\"robots\" content=\"index, follow, max-snippet:-1, max-image-preview:large, max-video-preview:-1\" \/>\n<link rel=\"canonical\" href=\"https:\/\/blog.equinux.com\/de\/2014\/04\/bye-bye-tv-zeitschrift-jetzt-kommt-tv-pro-2-fur-ipad\/\" \/>\n<meta property=\"og:locale\" content=\"de_DE\" \/>\n<meta property=\"og:type\" content=\"article\" \/>\n<meta property=\"og:title\" content=\"Bye-bye TV-Zeitschrift! Ab auf die Fernseh-Couch mit TV Pro 2 f\u00fcr iPad! - equinux Blog\" \/>\n<meta property=\"og:description\" content=\"Wie w\u00e4re es, wenn es ein TV-Magazin g\u00e4be, dass sich nach deinen pers\u00f6nlichen Sender-Vorlieben jeden Tag von selbst layoutet. Aufwachen! Dein Traum ist wahr! Mit der innovative TV-Programm App TV Pro 2 und dem Magazin-Mode h\u00e4ltst du die Zukunft der Fernsehzeitschriften in H\u00e4nden. &nbsp; Schm\u00f6ker-Feeling neu erfunden Wir lieben Zeitschriften, keine Excel-Listen! Deswegen haben wir [&hellip;]\" \/>\n<meta property=\"og:url\" content=\"https:\/\/blog.equinux.com\/de\/2014\/04\/bye-bye-tv-zeitschrift-jetzt-kommt-tv-pro-2-fur-ipad\/\" \/>\n<meta property=\"og:site_name\" content=\"equinux Blog\" \/>\n<meta property=\"article:published_time\" content=\"2014-04-17T10:13:35+00:00\" \/>\n<meta property=\"og:image\" content=\"https:\/\/blog.equinux.com\/wp-content\/uploads\/sites\/2\/2014\/04\/tvpro2_neu.jpg\" \/>\n<meta name=\"twitter:card\" content=\"summary_large_image\" \/>\n<meta name=\"twitter:label1\" content=\"Verfasst von\" \/>\n\t<meta name=\"twitter:data1\" content=\"\" \/>\n\t<meta name=\"twitter:label2\" content=\"Gesch\u00e4tzte Lesezeit\" \/>\n\t<meta name=\"twitter:data2\" content=\"1\u00a0Minute\" \/>\n<script type=\"application\/ld+json\" class=\"yoast-schema-graph\">{\"@context\":\"https:\/\/schema.org\",\"@graph\":[{\"@type\":\"Article\",\"@id\":\"https:\/\/blog.equinux.com\/de\/2014\/04\/bye-bye-tv-zeitschrift-jetzt-kommt-tv-pro-2-fur-ipad\/#article\",\"isPartOf\":{\"@id\":\"https:\/\/blog.equinux.com\/de\/2014\/04\/bye-bye-tv-zeitschrift-jetzt-kommt-tv-pro-2-fur-ipad\/\"},\"author\":{\"name\":\"\",\"@id\":\"\"},\"headline\":\"Bye-bye TV-Zeitschrift! Ab auf die Fernseh-Couch mit TV Pro 2 f\u00fcr iPad!\",\"datePublished\":\"2014-04-17T10:13:35+00:00\",\"mainEntityOfPage\":{\"@id\":\"https:\/\/blog.equinux.com\/de\/2014\/04\/bye-bye-tv-zeitschrift-jetzt-kommt-tv-pro-2-fur-ipad\/\"},\"wordCount\":295,\"commentCount\":3,\"image\":{\"@id\":\"https:\/\/blog.equinux.com\/de\/2014\/04\/bye-bye-tv-zeitschrift-jetzt-kommt-tv-pro-2-fur-ipad\/#primaryimage\"},\"thumbnailUrl\":\"https:\/\/blog.equinux.com\/wp-content\/uploads\/sites\/2\/2014\/04\/tvpro2_neu.jpg\",\"articleSection\":[\"Company @de\"],\"inLanguage\":\"de\",\"potentialAction\":[{\"@type\":\"CommentAction\",\"name\":\"Comment\",\"target\":[\"https:\/\/blog.equinux.com\/de\/2014\/04\/bye-bye-tv-zeitschrift-jetzt-kommt-tv-pro-2-fur-ipad\/#respond\"]}]},{\"@type\":\"WebPage\",\"@id\":\"https:\/\/blog.equinux.com\/de\/2014\/04\/bye-bye-tv-zeitschrift-jetzt-kommt-tv-pro-2-fur-ipad\/\",\"url\":\"https:\/\/blog.equinux.com\/de\/2014\/04\/bye-bye-tv-zeitschrift-jetzt-kommt-tv-pro-2-fur-ipad\/\",\"name\":\"Bye-bye TV-Zeitschrift! Ab auf die Fernseh-Couch mit TV Pro 2 f\u00fcr iPad! - equinux Blog\",\"isPartOf\":{\"@id\":\"https:\/\/blog.equinux.com\/de\/#website\"},\"primaryImageOfPage\":{\"@id\":\"https:\/\/blog.equinux.com\/de\/2014\/04\/bye-bye-tv-zeitschrift-jetzt-kommt-tv-pro-2-fur-ipad\/#primaryimage\"},\"image\":{\"@id\":\"https:\/\/blog.equinux.com\/de\/2014\/04\/bye-bye-tv-zeitschrift-jetzt-kommt-tv-pro-2-fur-ipad\/#primaryimage\"},\"thumbnailUrl\":\"https:\/\/blog.equinux.com\/wp-content\/uploads\/sites\/2\/2014\/04\/tvpro2_neu.jpg\",\"datePublished\":\"2014-04-17T10:13:35+00:00\",\"author\":{\"@id\":\"\"},\"breadcrumb\":{\"@id\":\"https:\/\/blog.equinux.com\/de\/2014\/04\/bye-bye-tv-zeitschrift-jetzt-kommt-tv-pro-2-fur-ipad\/#breadcrumb\"},\"inLanguage\":\"de\",\"potentialAction\":[{\"@type\":\"ReadAction\",\"target\":[\"https:\/\/blog.equinux.com\/de\/2014\/04\/bye-bye-tv-zeitschrift-jetzt-kommt-tv-pro-2-fur-ipad\/\"]}]},{\"@type\":\"ImageObject\",\"inLanguage\":\"de\",\"@id\":\"https:\/\/blog.equinux.com\/de\/2014\/04\/bye-bye-tv-zeitschrift-jetzt-kommt-tv-pro-2-fur-ipad\/#primaryimage\",\"url\":\"https:\/\/blog.equinux.com\/wp-content\/uploads\/sites\/2\/2014\/04\/tvpro2_neu.jpg\",\"contentUrl\":\"https:\/\/blog.equinux.com\/wp-content\/uploads\/sites\/2\/2014\/04\/tvpro2_neu.jpg\"},{\"@type\":\"BreadcrumbList\",\"@id\":\"https:\/\/blog.equinux.com\/de\/2014\/04\/bye-bye-tv-zeitschrift-jetzt-kommt-tv-pro-2-fur-ipad\/#breadcrumb\",\"itemListElement\":[{\"@type\":\"ListItem\",\"position\":1,\"name\":\"Home\",\"item\":\"https:\/\/blog.equinux.com\/de\/\"},{\"@type\":\"ListItem\",\"position\":2,\"name\":\"Bye-bye TV-Zeitschrift! Ab auf die Fernseh-Couch mit TV Pro 2 f\u00fcr iPad!\"}]},{\"@type\":\"WebSite\",\"@id\":\"https:\/\/blog.equinux.com\/de\/#website\",\"url\":\"https:\/\/blog.equinux.com\/de\/\",\"name\":\"equinux Blog\",\"description\":\"Blog about our latest Apps, Updates and cool Gadgets\",\"potentialAction\":[{\"@type\":\"SearchAction\",\"target\":{\"@type\":\"EntryPoint\",\"urlTemplate\":\"https:\/\/blog.equinux.com\/de\/?s={search_term_string}\"},\"query-input\":{\"@type\":\"PropertyValueSpecification\",\"valueRequired\":true,\"valueName\":\"search_term_string\"}}],\"inLanguage\":\"de\"},{\"@type\":\"Person\",\"@id\":\"\",\"url\":\"#\"}]}<\/script>\n<!-- \/ Yoast SEO plugin. -->","yoast_head_json":{"title":"Bye-bye TV-Zeitschrift! Ab auf die Fernseh-Couch mit TV Pro 2 f\u00fcr iPad! - equinux Blog","robots":{"index":"index","follow":"follow","max-snippet":"max-snippet:-1","max-image-preview":"max-image-preview:large","max-video-preview":"max-video-preview:-1"},"canonical":"https:\/\/blog.equinux.com\/de\/2014\/04\/bye-bye-tv-zeitschrift-jetzt-kommt-tv-pro-2-fur-ipad\/","og_locale":"de_DE","og_type":"article","og_title":"Bye-bye TV-Zeitschrift! Ab auf die Fernseh-Couch mit TV Pro 2 f\u00fcr iPad! - equinux Blog","og_description":"Wie w\u00e4re es, wenn es ein TV-Magazin g\u00e4be, dass sich nach deinen pers\u00f6nlichen Sender-Vorlieben jeden Tag von selbst layoutet. Aufwachen! Dein Traum ist wahr! Mit der innovative TV-Programm App TV Pro 2 und dem Magazin-Mode h\u00e4ltst du die Zukunft der Fernsehzeitschriften in H\u00e4nden. &nbsp; Schm\u00f6ker-Feeling neu erfunden Wir lieben Zeitschriften, keine Excel-Listen! Deswegen haben wir [&hellip;]","og_url":"https:\/\/blog.equinux.com\/de\/2014\/04\/bye-bye-tv-zeitschrift-jetzt-kommt-tv-pro-2-fur-ipad\/","og_site_name":"equinux Blog","article_published_time":"2014-04-17T10:13:35+00:00","og_image":[{"url":"https:\/\/blog.equinux.com\/wp-content\/uploads\/sites\/2\/2014\/04\/tvpro2_neu.jpg","type":"","width":"","height":""}],"twitter_card":"summary_large_image","twitter_misc":{"Verfasst von":"","Gesch\u00e4tzte Lesezeit":"1\u00a0Minute"},"schema":{"@context":"https:\/\/schema.org","@graph":[{"@type":"Article","@id":"https:\/\/blog.equinux.com\/de\/2014\/04\/bye-bye-tv-zeitschrift-jetzt-kommt-tv-pro-2-fur-ipad\/#article","isPartOf":{"@id":"https:\/\/blog.equinux.com\/de\/2014\/04\/bye-bye-tv-zeitschrift-jetzt-kommt-tv-pro-2-fur-ipad\/"},"author":{"name":"","@id":""},"headline":"Bye-bye TV-Zeitschrift! Ab auf die Fernseh-Couch mit TV Pro 2 f\u00fcr iPad!","datePublished":"2014-04-17T10:13:35+00:00","mainEntityOfPage":{"@id":"https:\/\/blog.equinux.com\/de\/2014\/04\/bye-bye-tv-zeitschrift-jetzt-kommt-tv-pro-2-fur-ipad\/"},"wordCount":295,"commentCount":3,"image":{"@id":"https:\/\/blog.equinux.com\/de\/2014\/04\/bye-bye-tv-zeitschrift-jetzt-kommt-tv-pro-2-fur-ipad\/#primaryimage"},"thumbnailUrl":"https:\/\/blog.equinux.com\/wp-content\/uploads\/sites\/2\/2014\/04\/tvpro2_neu.jpg","articleSection":["Company @de"],"inLanguage":"de","potentialAction":[{"@type":"CommentAction","name":"Comment","target":["https:\/\/blog.equinux.com\/de\/2014\/04\/bye-bye-tv-zeitschrift-jetzt-kommt-tv-pro-2-fur-ipad\/#respond"]}]},{"@type":"WebPage","@id":"https:\/\/blog.equinux.com\/de\/2014\/04\/bye-bye-tv-zeitschrift-jetzt-kommt-tv-pro-2-fur-ipad\/","url":"https:\/\/blog.equinux.com\/de\/2014\/04\/bye-bye-tv-zeitschrift-jetzt-kommt-tv-pro-2-fur-ipad\/","name":"Bye-bye TV-Zeitschrift! Ab auf die Fernseh-Couch mit TV Pro 2 f\u00fcr iPad! - equinux Blog","isPartOf":{"@id":"https:\/\/blog.equinux.com\/de\/#website"},"primaryImageOfPage":{"@id":"https:\/\/blog.equinux.com\/de\/2014\/04\/bye-bye-tv-zeitschrift-jetzt-kommt-tv-pro-2-fur-ipad\/#primaryimage"},"image":{"@id":"https:\/\/blog.equinux.com\/de\/2014\/04\/bye-bye-tv-zeitschrift-jetzt-kommt-tv-pro-2-fur-ipad\/#primaryimage"},"thumbnailUrl":"https:\/\/blog.equinux.com\/wp-content\/uploads\/sites\/2\/2014\/04\/tvpro2_neu.jpg","datePublished":"2014-04-17T10:13:35+00:00","author":{"@id":""},"breadcrumb":{"@id":"https:\/\/blog.equinux.com\/de\/2014\/04\/bye-bye-tv-zeitschrift-jetzt-kommt-tv-pro-2-fur-ipad\/#breadcrumb"},"inLanguage":"de","potentialAction":[{"@type":"ReadAction","target":["https:\/\/blog.equinux.com\/de\/2014\/04\/bye-bye-tv-zeitschrift-jetzt-kommt-tv-pro-2-fur-ipad\/"]}]},{"@type":"ImageObject","inLanguage":"de","@id":"https:\/\/blog.equinux.com\/de\/2014\/04\/bye-bye-tv-zeitschrift-jetzt-kommt-tv-pro-2-fur-ipad\/#primaryimage","url":"https:\/\/blog.equinux.com\/wp-content\/uploads\/sites\/2\/2014\/04\/tvpro2_neu.jpg","contentUrl":"https:\/\/blog.equinux.com\/wp-content\/uploads\/sites\/2\/2014\/04\/tvpro2_neu.jpg"},{"@type":"BreadcrumbList","@id":"https:\/\/blog.equinux.com\/de\/2014\/04\/bye-bye-tv-zeitschrift-jetzt-kommt-tv-pro-2-fur-ipad\/#breadcrumb","itemListElement":[{"@type":"ListItem","position":1,"name":"Home","item":"https:\/\/blog.equinux.com\/de\/"},{"@type":"ListItem","position":2,"name":"Bye-bye TV-Zeitschrift! Ab auf die Fernseh-Couch mit TV Pro 2 f\u00fcr iPad!"}]},{"@type":"WebSite","@id":"https:\/\/blog.equinux.com\/de\/#website","url":"https:\/\/blog.equinux.com\/de\/","name":"equinux Blog","description":"Blog about our latest Apps, Updates and cool Gadgets","potentialAction":[{"@type":"SearchAction","target":{"@type":"EntryPoint","urlTemplate":"https:\/\/blog.equinux.com\/de\/?s={search_term_string}"},"query-input":{"@type":"PropertyValueSpecification","valueRequired":true,"valueName":"search_term_string"}}],"inLanguage":"de"},{"@type":"Person","@id":"","url":"#"}]}},"jetpack_featured_media_url":"","jetpack_sharing_enabled":true,"_links":{"self":[{"href":"https:\/\/blog.equinux.com\/de\/wp-json\/wp\/v2\/posts\/4728","targetHints":{"allow":["GET"]}}],"collection":[{"href":"https:\/\/blog.equinux.com\/de\/wp-json\/wp\/v2\/posts"}],"about":[{"href":"https:\/\/blog.equinux.com\/de\/wp-json\/wp\/v2\/types\/post"}],"author":[{"embeddable":true,"href":"https:\/\/blog.equinux.com\/de\/wp-json\/wp\/v2\/users\/4"}],"replies":[{"embeddable":true,"href":"https:\/\/blog.equinux.com\/de\/wp-json\/wp\/v2\/comments?post=4728"}],"version-history":[{"count":0,"href":"https:\/\/blog.equinux.com\/de\/wp-json\/wp\/v2\/posts\/4728\/revisions"}],"wp:attachment":[{"href":"https:\/\/blog.equinux.com\/de\/wp-json\/wp\/v2\/media?parent=4728"}],"wp:term":[{"taxonomy":"category","embeddable":true,"href":"https:\/\/blog.equinux.com\/de\/wp-json\/wp\/v2\/categories?post=4728"},{"taxonomy":"post_tag","embeddable":true,"href":"https:\/\/blog.equinux.com\/de\/wp-json\/wp\/v2\/tags?post=4728"}],"curies":[{"name":"wp","href":"https:\/\/api.w.org\/{rel}","templated":true}]}}