{"id":4664,"date":"2014-03-21T20:42:04","date_gmt":"2014-03-21T20:42:04","guid":{"rendered":"http:\/\/blog.equinux.com\/?p=4664"},"modified":"2014-03-21T20:42:04","modified_gmt":"2014-03-21T20:42:04","slug":"heises-lightning-kabel","status":"publish","type":"post","link":"https:\/\/blog.equinux.com\/de\/2014\/03\/heises-lightning-kabel\/","title":{"rendered":"Hei\u00dfes Lightning-Kabel"},"content":{"rendered":"<p><a href=\"https:\/\/blog.equinux.com\/wp-content\/uploads\/sites\/2\/2014\/03\/IMG_9571.jpeg\"><img loading=\"lazy\" decoding=\"async\" class=\"aligncenter size-medium wp-image-4659\" alt=\"Lightning Cable\" src=\"http:\/\/blog.equinux.com\/wordpress\/wp-content\/uploads\/sites\/2\/2014\/03\/IMG_9571-558x418.jpeg\" width=\"558\" height=\"418\" \/><\/a><\/p>\n<p>Bei uns hat gestern abend kurz ein iPad Kabel (Lightning) am iPad Air gebrannt. Aus dem Kabel, kurz hinter dem Lightning Stecker kam pl\u00f6tzlich eine kleine Flamme, so gro\u00df wie von einem Feuerzeug. Da der Kollege direkt am Ger\u00e4t sa\u00df, konnte er sofort reagieren. Das iPad Air l\u00e4dt nun nicht mehr und ist wohl defekt.<\/p>\n<p>Die Analyse: ein Apple Kabel der ersten Lightning Generation, das am Ende schon Blasen geworfen hatte (sieht man am anderen Ende im Bild). Ansonsten hatte es keine Risse oder \u00e4hnliches. Die Blasen r\u00fchren wohl von einer Verschiebung des \u00e4u\u00dferen Plastikmantels und bringt wohl Kabel und Abschirmung im Inneren durcheinander. Wenn es dann schlecht l\u00e4uft scheinen sich Dr\u00e4hte der Abschirmung mit den Daten- und Stromkabel kurzuschlie\u00dfen.<\/p>\n<p>Wir vermeiden nun das unbeaufsichtigte Laden von iPads \u00fcber Nacht. Und tauschen alle Kabel mit Blasen aus.<\/p>\n<p>[UPDATE:]\u00a0Apple hat das Ger\u00e4t heute im Apple Store M\u00fcnchen ausgetauscht. Anfangs hat man sich geweigert, das Kabel ebenso zu tauschen (\"reiner Verschlei\u00df\"). Der herbeigerufene Store Manager schien aber den Ernst der Lage zu erkannt zu haben.<\/p>\n","protected":false},"excerpt":{"rendered":"<p>Bei uns hat gestern abend kurz ein iPad Kabel (Lightning) am iPad Air gebrannt. Aus dem Kabel, kurz hinter dem Lightning Stecker kam pl\u00f6tzlich eine kleine Flamme, so gro\u00df wie von einem Feuerzeug. Da der Kollege direkt am Ger\u00e4t sa\u00df, konnte er sofort reagieren. Das iPad Air l\u00e4dt nun nicht mehr und ist wohl defekt. [&hellip;]<\/p>\n","protected":false},"author":4,"featured_media":0,"comment_status":"open","ping_status":"open","sticky":false,"template":"","format":"standard","meta":{"_et_pb_use_builder":"","_et_pb_old_content":"","_et_gb_content_width":"","apple_news_api_created_at":"","apple_news_api_id":"","apple_news_api_modified_at":"","apple_news_api_revision":"","apple_news_api_share_url":"","apple_news_cover_media_provider":"image","apple_news_coverimage":0,"apple_news_coverimage_caption":"","apple_news_cover_video_id":0,"apple_news_cover_video_url":"","apple_news_cover_embedwebvideo_url":"","apple_news_is_hidden":"","apple_news_is_paid":"","apple_news_is_preview":"","apple_news_is_sponsored":"","apple_news_maturity_rating":"","apple_news_metadata":"\"\"","apple_news_pullquote":"","apple_news_pullquote_position":"","apple_news_slug":"","apple_news_sections":[],"apple_news_suppress_video_url":false,"apple_news_use_image_component":false,"_jetpack_memberships_contains_paid_content":false,"footnotes":""},"categories":[714],"tags":[],"class_list":["post-4664","post","type-post","status-publish","format-standard","hentry","category-company-de"],"apple_news_notices":[],"yoast_head":"<!-- This site is optimized with the Yoast SEO plugin v27.2 - https:\/\/yoast.com\/product\/yoast-seo-wordpress\/ -->\n<title>Hei\u00dfes Lightning-Kabel - equinux Blog<\/title>\n<meta name=\"robots\" content=\"index, follow, max-snippet:-1, max-image-preview:large, max-video-preview:-1\" \/>\n<link rel=\"canonical\" href=\"https:\/\/blog.equinux.com\/de\/2014\/03\/heises-lightning-kabel\/\" \/>\n<meta property=\"og:locale\" content=\"de_DE\" \/>\n<meta property=\"og:type\" content=\"article\" \/>\n<meta property=\"og:title\" content=\"Hei\u00dfes Lightning-Kabel - equinux Blog\" \/>\n<meta property=\"og:description\" content=\"Bei uns hat gestern abend kurz ein iPad Kabel (Lightning) am iPad Air gebrannt. Aus dem Kabel, kurz hinter dem Lightning Stecker kam pl\u00f6tzlich eine kleine Flamme, so gro\u00df wie von einem Feuerzeug. Da der Kollege direkt am Ger\u00e4t sa\u00df, konnte er sofort reagieren. Das iPad Air l\u00e4dt nun nicht mehr und ist wohl defekt. [&hellip;]\" \/>\n<meta property=\"og:url\" content=\"https:\/\/blog.equinux.com\/de\/2014\/03\/heises-lightning-kabel\/\" \/>\n<meta property=\"og:site_name\" content=\"equinux Blog\" \/>\n<meta property=\"article:published_time\" content=\"2014-03-21T20:42:04+00:00\" \/>\n<meta property=\"og:image\" content=\"http:\/\/blog.equinux.com\/wordpress\/wp-content\/uploads\/sites\/2\/2014\/03\/IMG_9571-558x418.jpeg\" \/>\n<meta name=\"twitter:card\" content=\"summary_large_image\" \/>\n<meta name=\"twitter:label1\" content=\"Verfasst von\" \/>\n\t<meta name=\"twitter:data1\" content=\"\" \/>\n\t<meta name=\"twitter:label2\" content=\"Gesch\u00e4tzte Lesezeit\" \/>\n\t<meta name=\"twitter:data2\" content=\"1\u00a0Minute\" \/>\n<script type=\"application\/ld+json\" class=\"yoast-schema-graph\">{\"@context\":\"https:\/\/schema.org\",\"@graph\":[{\"@type\":\"Article\",\"@id\":\"https:\/\/blog.equinux.com\/de\/2014\/03\/heises-lightning-kabel\/#article\",\"isPartOf\":{\"@id\":\"https:\/\/blog.equinux.com\/de\/2014\/03\/heises-lightning-kabel\/\"},\"author\":{\"name\":\"\",\"@id\":\"\"},\"headline\":\"Hei\u00dfes Lightning-Kabel\",\"datePublished\":\"2014-03-21T20:42:04+00:00\",\"mainEntityOfPage\":{\"@id\":\"https:\/\/blog.equinux.com\/de\/2014\/03\/heises-lightning-kabel\/\"},\"wordCount\":187,\"commentCount\":4,\"image\":{\"@id\":\"https:\/\/blog.equinux.com\/de\/2014\/03\/heises-lightning-kabel\/#primaryimage\"},\"thumbnailUrl\":\"http:\/\/blog.equinux.com\/wordpress\/wp-content\/uploads\/sites\/2\/2014\/03\/IMG_9571-558x418.jpeg\",\"articleSection\":[\"Company @de\"],\"inLanguage\":\"de\",\"potentialAction\":[{\"@type\":\"CommentAction\",\"name\":\"Comment\",\"target\":[\"https:\/\/blog.equinux.com\/de\/2014\/03\/heises-lightning-kabel\/#respond\"]}]},{\"@type\":\"WebPage\",\"@id\":\"https:\/\/blog.equinux.com\/de\/2014\/03\/heises-lightning-kabel\/\",\"url\":\"https:\/\/blog.equinux.com\/de\/2014\/03\/heises-lightning-kabel\/\",\"name\":\"Hei\u00dfes Lightning-Kabel - equinux Blog\",\"isPartOf\":{\"@id\":\"https:\/\/blog.equinux.com\/de\/#website\"},\"primaryImageOfPage\":{\"@id\":\"https:\/\/blog.equinux.com\/de\/2014\/03\/heises-lightning-kabel\/#primaryimage\"},\"image\":{\"@id\":\"https:\/\/blog.equinux.com\/de\/2014\/03\/heises-lightning-kabel\/#primaryimage\"},\"thumbnailUrl\":\"http:\/\/blog.equinux.com\/wordpress\/wp-content\/uploads\/sites\/2\/2014\/03\/IMG_9571-558x418.jpeg\",\"datePublished\":\"2014-03-21T20:42:04+00:00\",\"author\":{\"@id\":\"\"},\"breadcrumb\":{\"@id\":\"https:\/\/blog.equinux.com\/de\/2014\/03\/heises-lightning-kabel\/#breadcrumb\"},\"inLanguage\":\"de\",\"potentialAction\":[{\"@type\":\"ReadAction\",\"target\":[\"https:\/\/blog.equinux.com\/de\/2014\/03\/heises-lightning-kabel\/\"]}]},{\"@type\":\"ImageObject\",\"inLanguage\":\"de\",\"@id\":\"https:\/\/blog.equinux.com\/de\/2014\/03\/heises-lightning-kabel\/#primaryimage\",\"url\":\"http:\/\/blog.equinux.com\/wordpress\/wp-content\/uploads\/sites\/2\/2014\/03\/IMG_9571-558x418.jpeg\",\"contentUrl\":\"http:\/\/blog.equinux.com\/wordpress\/wp-content\/uploads\/sites\/2\/2014\/03\/IMG_9571-558x418.jpeg\"},{\"@type\":\"BreadcrumbList\",\"@id\":\"https:\/\/blog.equinux.com\/de\/2014\/03\/heises-lightning-kabel\/#breadcrumb\",\"itemListElement\":[{\"@type\":\"ListItem\",\"position\":1,\"name\":\"Home\",\"item\":\"https:\/\/blog.equinux.com\/de\/\"},{\"@type\":\"ListItem\",\"position\":2,\"name\":\"Hei\u00dfes Lightning-Kabel\"}]},{\"@type\":\"WebSite\",\"@id\":\"https:\/\/blog.equinux.com\/de\/#website\",\"url\":\"https:\/\/blog.equinux.com\/de\/\",\"name\":\"equinux Blog\",\"description\":\"Blog about our latest Apps, Updates and cool Gadgets\",\"potentialAction\":[{\"@type\":\"SearchAction\",\"target\":{\"@type\":\"EntryPoint\",\"urlTemplate\":\"https:\/\/blog.equinux.com\/de\/?s={search_term_string}\"},\"query-input\":{\"@type\":\"PropertyValueSpecification\",\"valueRequired\":true,\"valueName\":\"search_term_string\"}}],\"inLanguage\":\"de\"},{\"@type\":\"Person\",\"@id\":\"\",\"url\":\"#\"}]}<\/script>\n<!-- \/ Yoast SEO plugin. -->","yoast_head_json":{"title":"Hei\u00dfes Lightning-Kabel - equinux Blog","robots":{"index":"index","follow":"follow","max-snippet":"max-snippet:-1","max-image-preview":"max-image-preview:large","max-video-preview":"max-video-preview:-1"},"canonical":"https:\/\/blog.equinux.com\/de\/2014\/03\/heises-lightning-kabel\/","og_locale":"de_DE","og_type":"article","og_title":"Hei\u00dfes Lightning-Kabel - equinux Blog","og_description":"Bei uns hat gestern abend kurz ein iPad Kabel (Lightning) am iPad Air gebrannt. Aus dem Kabel, kurz hinter dem Lightning Stecker kam pl\u00f6tzlich eine kleine Flamme, so gro\u00df wie von einem Feuerzeug. Da der Kollege direkt am Ger\u00e4t sa\u00df, konnte er sofort reagieren. Das iPad Air l\u00e4dt nun nicht mehr und ist wohl defekt. [&hellip;]","og_url":"https:\/\/blog.equinux.com\/de\/2014\/03\/heises-lightning-kabel\/","og_site_name":"equinux Blog","article_published_time":"2014-03-21T20:42:04+00:00","og_image":[{"url":"http:\/\/blog.equinux.com\/wordpress\/wp-content\/uploads\/sites\/2\/2014\/03\/IMG_9571-558x418.jpeg","type":"","width":"","height":""}],"twitter_card":"summary_large_image","twitter_misc":{"Verfasst von":"","Gesch\u00e4tzte Lesezeit":"1\u00a0Minute"},"schema":{"@context":"https:\/\/schema.org","@graph":[{"@type":"Article","@id":"https:\/\/blog.equinux.com\/de\/2014\/03\/heises-lightning-kabel\/#article","isPartOf":{"@id":"https:\/\/blog.equinux.com\/de\/2014\/03\/heises-lightning-kabel\/"},"author":{"name":"","@id":""},"headline":"Hei\u00dfes Lightning-Kabel","datePublished":"2014-03-21T20:42:04+00:00","mainEntityOfPage":{"@id":"https:\/\/blog.equinux.com\/de\/2014\/03\/heises-lightning-kabel\/"},"wordCount":187,"commentCount":4,"image":{"@id":"https:\/\/blog.equinux.com\/de\/2014\/03\/heises-lightning-kabel\/#primaryimage"},"thumbnailUrl":"http:\/\/blog.equinux.com\/wordpress\/wp-content\/uploads\/sites\/2\/2014\/03\/IMG_9571-558x418.jpeg","articleSection":["Company @de"],"inLanguage":"de","potentialAction":[{"@type":"CommentAction","name":"Comment","target":["https:\/\/blog.equinux.com\/de\/2014\/03\/heises-lightning-kabel\/#respond"]}]},{"@type":"WebPage","@id":"https:\/\/blog.equinux.com\/de\/2014\/03\/heises-lightning-kabel\/","url":"https:\/\/blog.equinux.com\/de\/2014\/03\/heises-lightning-kabel\/","name":"Hei\u00dfes Lightning-Kabel - equinux Blog","isPartOf":{"@id":"https:\/\/blog.equinux.com\/de\/#website"},"primaryImageOfPage":{"@id":"https:\/\/blog.equinux.com\/de\/2014\/03\/heises-lightning-kabel\/#primaryimage"},"image":{"@id":"https:\/\/blog.equinux.com\/de\/2014\/03\/heises-lightning-kabel\/#primaryimage"},"thumbnailUrl":"http:\/\/blog.equinux.com\/wordpress\/wp-content\/uploads\/sites\/2\/2014\/03\/IMG_9571-558x418.jpeg","datePublished":"2014-03-21T20:42:04+00:00","author":{"@id":""},"breadcrumb":{"@id":"https:\/\/blog.equinux.com\/de\/2014\/03\/heises-lightning-kabel\/#breadcrumb"},"inLanguage":"de","potentialAction":[{"@type":"ReadAction","target":["https:\/\/blog.equinux.com\/de\/2014\/03\/heises-lightning-kabel\/"]}]},{"@type":"ImageObject","inLanguage":"de","@id":"https:\/\/blog.equinux.com\/de\/2014\/03\/heises-lightning-kabel\/#primaryimage","url":"http:\/\/blog.equinux.com\/wordpress\/wp-content\/uploads\/sites\/2\/2014\/03\/IMG_9571-558x418.jpeg","contentUrl":"http:\/\/blog.equinux.com\/wordpress\/wp-content\/uploads\/sites\/2\/2014\/03\/IMG_9571-558x418.jpeg"},{"@type":"BreadcrumbList","@id":"https:\/\/blog.equinux.com\/de\/2014\/03\/heises-lightning-kabel\/#breadcrumb","itemListElement":[{"@type":"ListItem","position":1,"name":"Home","item":"https:\/\/blog.equinux.com\/de\/"},{"@type":"ListItem","position":2,"name":"Hei\u00dfes Lightning-Kabel"}]},{"@type":"WebSite","@id":"https:\/\/blog.equinux.com\/de\/#website","url":"https:\/\/blog.equinux.com\/de\/","name":"equinux Blog","description":"Blog about our latest Apps, Updates and cool Gadgets","potentialAction":[{"@type":"SearchAction","target":{"@type":"EntryPoint","urlTemplate":"https:\/\/blog.equinux.com\/de\/?s={search_term_string}"},"query-input":{"@type":"PropertyValueSpecification","valueRequired":true,"valueName":"search_term_string"}}],"inLanguage":"de"},{"@type":"Person","@id":"","url":"#"}]}},"jetpack_featured_media_url":"","jetpack_sharing_enabled":true,"_links":{"self":[{"href":"https:\/\/blog.equinux.com\/de\/wp-json\/wp\/v2\/posts\/4664","targetHints":{"allow":["GET"]}}],"collection":[{"href":"https:\/\/blog.equinux.com\/de\/wp-json\/wp\/v2\/posts"}],"about":[{"href":"https:\/\/blog.equinux.com\/de\/wp-json\/wp\/v2\/types\/post"}],"author":[{"embeddable":true,"href":"https:\/\/blog.equinux.com\/de\/wp-json\/wp\/v2\/users\/4"}],"replies":[{"embeddable":true,"href":"https:\/\/blog.equinux.com\/de\/wp-json\/wp\/v2\/comments?post=4664"}],"version-history":[{"count":0,"href":"https:\/\/blog.equinux.com\/de\/wp-json\/wp\/v2\/posts\/4664\/revisions"}],"wp:attachment":[{"href":"https:\/\/blog.equinux.com\/de\/wp-json\/wp\/v2\/media?parent=4664"}],"wp:term":[{"taxonomy":"category","embeddable":true,"href":"https:\/\/blog.equinux.com\/de\/wp-json\/wp\/v2\/categories?post=4664"},{"taxonomy":"post_tag","embeddable":true,"href":"https:\/\/blog.equinux.com\/de\/wp-json\/wp\/v2\/tags?post=4664"}],"curies":[{"name":"wp","href":"https:\/\/api.w.org\/{rel}","templated":true}]}}